{"id":7326,"date":"2022-05-02T17:09:07","date_gmt":"2022-05-02T15:09:07","guid":{"rendered":"https:\/\/www.lelude.com\/?p=7326"},"modified":"2022-05-02T17:10:20","modified_gmt":"2022-05-02T15:10:20","slug":"fete-des-jardiniers-4th-5th-june-2022","status":"publish","type":"post","link":"https:\/\/www.lelude.com\/en\/fete-des-jardiniers-4th-5th-june-2022\/","title":{"rendered":"F\u00eate des Jardiniers &#8211; 4th &#038; 5th June 2022"},"content":{"rendered":"<p><strong>On 4th &amp; 5th June, the F\u00eate des Jardiniers take splace in the park of Le Lude.<br \/>\n<\/strong><\/p>\n<p>In the gardens, the\u00a0 <em>F\u00eate des Jardiniers<\/em> gathers about 60 exhibitors, who show to the public their productions and creations: rare plants, ancient varieties or new ones, vegetables or decorative plants, exotic or local flowers for the nurserymen.<\/p>\n<p>The gardening lovers can also find the essential tools, decorations and furnitures.<\/p>\n<p>Local produces are highlighted: honney and products from the hive, goat and cow cheese, herbal teas, organic bread.<\/p>\n<p>Don&#8217;t miss the exhibition of birds at the vegetable garden, many gardening workshops, and actvities for children. In the medieval kitchen, the fruits from the vegetable garden are transformed in delicious jams on the wood stove. Taste them on crepes vith a glass of apple juice.<\/p>\n<p>And of course, be present at the awarding of the <a href=\"https:\/\/www.lelude.com\/en\/prix-p-j-redoute\/\"><strong>P.J. Redout\u00e9 Price<\/strong><\/a> at 3pm on Saturday 4th, in presence of the winner authors, who sign their books.<\/p>\n<p>Open continuously on June 4th &amp; 5th, from 10am to 7pm. Prices on the page <a href=\"https:\/\/www.lelude.com\/en\/hours-rates\/\">Prices &amp; Times<\/a><\/p>\n<p>Restaurants on site.<br \/>\nFor more informations about the Festival, consult our pages <a href=\"https:\/\/www.lelude.com\/en\/fete-des-jardiniers\/\">The F\u00eate des jardiniers<\/a> and <a href=\"https:\/\/www.lelude.com\/en\/prix-p-j-redoute\/\">The Prix P.J. Redout\u00e9.<\/a><\/p>\n","protected":false},"excerpt":{"rendered":"<p>On 4th &amp; 5th June, the F\u00eate des Jardiniers take splace in the park of Le Lude. In the gardens, the\u00a0 F\u00eate des Jardiniers gathers about 60 exhibitors, who show to the public their productions and creations: rare plants, ancient varieties or new ones, vegetables or decorative plants, exotic or local flowers for the nurserymen. [&hellip;]<\/p>\n","protected":false},"author":7,"featured_media":7313,"comment_status":"closed","ping_status":"closed","sticky":false,"template":"","format":"standard","meta":{"footnotes":""},"categories":[14],"tags":[],"yoast_head":"<!-- This site is optimized with the Yoast SEO plugin v20.13 - https:\/\/yoast.com\/wordpress\/plugins\/seo\/ -->\n<title>F\u00eate des Jardiniers - 4th &amp; 5th June 2022 - Ch\u00e2teau du Lude<\/title>\n<meta name=\"robots\" content=\"index, follow, max-snippet:-1, max-image-preview:large, max-video-preview:-1\" \/>\n<link rel=\"canonical\" href=\"https:\/\/www.lelude.com\/fete-des-jardiniers-4-5juin-2022\/\" \/>\n<meta property=\"og:locale\" content=\"en_US\" \/>\n<meta property=\"og:type\" content=\"article\" \/>\n<meta property=\"og:title\" content=\"F\u00eate des Jardiniers - 4th &amp; 5th June 2022 - Ch\u00e2teau du Lude\" \/>\n<meta property=\"og:description\" content=\"On 4th &amp; 5th June, the F\u00eate des Jardiniers take splace in the park of Le Lude. In the gardens, the\u00a0 F\u00eate des Jardiniers gathers about 60 exhibitors, who show to the public their productions and creations: rare plants, ancient varieties or new ones, vegetables or decorative plants, exotic or local flowers for the nurserymen. [&hellip;]\" \/>\n<meta property=\"og:url\" content=\"https:\/\/www.lelude.com\/fete-des-jardiniers-4-5juin-2022\/\" \/>\n<meta property=\"og:site_name\" content=\"Ch\u00e2teau du Lude\" \/>\n<meta property=\"article:published_time\" content=\"2022-05-02T15:09:07+00:00\" \/>\n<meta property=\"article:modified_time\" content=\"2022-05-02T15:10:20+00:00\" \/>\n<meta property=\"og:image\" content=\"https:\/\/www.lelude.com\/wp-content\/uploads\/2022\/05\/affiche-fete-des-jardiniers-2022-scaled.jpg\" \/>\n\t<meta property=\"og:image:width\" content=\"1706\" \/>\n\t<meta property=\"og:image:height\" content=\"2560\" \/>\n\t<meta property=\"og:image:type\" content=\"image\/jpeg\" \/>\n<meta name=\"author\" content=\"Ch\u00e2teau du Lude\" \/>\n<meta name=\"twitter:card\" content=\"summary_large_image\" \/>\n<meta name=\"twitter:label1\" content=\"Written by\" \/>\n\t<meta name=\"twitter:data1\" content=\"Ch\u00e2teau du Lude\" \/>\n\t<meta name=\"twitter:label2\" content=\"Est. reading time\" \/>\n\t<meta name=\"twitter:data2\" content=\"1 minute\" \/>\n<script type=\"application\/ld+json\" class=\"yoast-schema-graph\">{\"@context\":\"https:\/\/schema.org\",\"@graph\":[{\"@type\":\"Article\",\"@id\":\"https:\/\/www.lelude.com\/fete-des-jardiniers-4-5juin-2022\/#article\",\"isPartOf\":{\"@id\":\"https:\/\/www.lelude.com\/fete-des-jardiniers-4-5juin-2022\/\"},\"author\":{\"name\":\"Ch\u00e2teau du Lude\",\"@id\":\"https:\/\/www.lelude.com\/#\/schema\/person\/1688f495079857e80de963612e7193de\"},\"headline\":\"F\u00eate des Jardiniers &#8211; 4th &#038; 5th June 2022\",\"datePublished\":\"2022-05-02T15:09:07+00:00\",\"dateModified\":\"2022-05-02T15:10:20+00:00\",\"mainEntityOfPage\":{\"@id\":\"https:\/\/www.lelude.com\/fete-des-jardiniers-4-5juin-2022\/\"},\"wordCount\":210,\"publisher\":{\"@id\":\"https:\/\/www.lelude.com\/#organization\"},\"articleSection\":[\"Upcoming Events\"],\"inLanguage\":\"en-US\"},{\"@type\":\"WebPage\",\"@id\":\"https:\/\/www.lelude.com\/fete-des-jardiniers-4-5juin-2022\/\",\"url\":\"https:\/\/www.lelude.com\/fete-des-jardiniers-4-5juin-2022\/\",\"name\":\"F\u00eate des Jardiniers - 4th & 5th June 2022 - Ch\u00e2teau du Lude\",\"isPartOf\":{\"@id\":\"https:\/\/www.lelude.com\/#website\"},\"datePublished\":\"2022-05-02T15:09:07+00:00\",\"dateModified\":\"2022-05-02T15:10:20+00:00\",\"breadcrumb\":{\"@id\":\"https:\/\/www.lelude.com\/fete-des-jardiniers-4-5juin-2022\/#breadcrumb\"},\"inLanguage\":\"en-US\",\"potentialAction\":[{\"@type\":\"ReadAction\",\"target\":[\"https:\/\/www.lelude.com\/fete-des-jardiniers-4-5juin-2022\/\"]}]},{\"@type\":\"BreadcrumbList\",\"@id\":\"https:\/\/www.lelude.com\/fete-des-jardiniers-4-5juin-2022\/#breadcrumb\",\"itemListElement\":[{\"@type\":\"ListItem\",\"position\":1,\"name\":\"Accueil\",\"item\":\"https:\/\/www.lelude.com\/en\/\"},{\"@type\":\"ListItem\",\"position\":2,\"name\":\"F\u00eate des Jardiniers &#8211; 4th &#038; 5th June 2022\"}]},{\"@type\":\"WebSite\",\"@id\":\"https:\/\/www.lelude.com\/#website\",\"url\":\"https:\/\/www.lelude.com\/\",\"name\":\"Ch\u00e2teau du Lude\",\"description\":\"Le premier des ch\u00e2teaux de la Loire au nord de la vall\u00e9e\",\"publisher\":{\"@id\":\"https:\/\/www.lelude.com\/#organization\"},\"potentialAction\":[{\"@type\":\"SearchAction\",\"target\":{\"@type\":\"EntryPoint\",\"urlTemplate\":\"https:\/\/www.lelude.com\/?s={search_term_string}\"},\"query-input\":\"required name=search_term_string\"}],\"inLanguage\":\"en-US\"},{\"@type\":\"Organization\",\"@id\":\"https:\/\/www.lelude.com\/#organization\",\"name\":\"Ch\u00e2teau du Lude\",\"url\":\"https:\/\/www.lelude.com\/\",\"logo\":{\"@type\":\"ImageObject\",\"inLanguage\":\"en-US\",\"@id\":\"https:\/\/www.lelude.com\/#\/schema\/logo\/image\/\",\"url\":\"https:\/\/www.lelude.com\/wp-content\/uploads\/2017\/03\/logolelude.png\",\"contentUrl\":\"https:\/\/www.lelude.com\/wp-content\/uploads\/2017\/03\/logolelude.png\",\"width\":167,\"height\":100,\"caption\":\"Ch\u00e2teau du Lude\"},\"image\":{\"@id\":\"https:\/\/www.lelude.com\/#\/schema\/logo\/image\/\"}},{\"@type\":\"Person\",\"@id\":\"https:\/\/www.lelude.com\/#\/schema\/person\/1688f495079857e80de963612e7193de\",\"name\":\"Ch\u00e2teau du Lude\",\"url\":\"https:\/\/www.lelude.com\/en\/author\/webmaster\/\"}]}<\/script>\n<!-- \/ Yoast SEO plugin. -->","yoast_head_json":{"title":"F\u00eate des Jardiniers - 4th & 5th June 2022 - Ch\u00e2teau du Lude","robots":{"index":"index","follow":"follow","max-snippet":"max-snippet:-1","max-image-preview":"max-image-preview:large","max-video-preview":"max-video-preview:-1"},"canonical":"https:\/\/www.lelude.com\/fete-des-jardiniers-4-5juin-2022\/","og_locale":"en_US","og_type":"article","og_title":"F\u00eate des Jardiniers - 4th & 5th June 2022 - Ch\u00e2teau du Lude","og_description":"On 4th &amp; 5th June, the F\u00eate des Jardiniers take splace in the park of Le Lude. In the gardens, the\u00a0 F\u00eate des Jardiniers gathers about 60 exhibitors, who show to the public their productions and creations: rare plants, ancient varieties or new ones, vegetables or decorative plants, exotic or local flowers for the nurserymen. [&hellip;]","og_url":"https:\/\/www.lelude.com\/fete-des-jardiniers-4-5juin-2022\/","og_site_name":"Ch\u00e2teau du Lude","article_published_time":"2022-05-02T15:09:07+00:00","article_modified_time":"2022-05-02T15:10:20+00:00","og_image":[{"width":1706,"height":2560,"url":"https:\/\/www.lelude.com\/wp-content\/uploads\/2022\/05\/affiche-fete-des-jardiniers-2022-scaled.jpg","type":"image\/jpeg"}],"author":"Ch\u00e2teau du Lude","twitter_card":"summary_large_image","twitter_misc":{"Written by":"Ch\u00e2teau du Lude","Est. reading time":"1 minute"},"schema":{"@context":"https:\/\/schema.org","@graph":[{"@type":"Article","@id":"https:\/\/www.lelude.com\/fete-des-jardiniers-4-5juin-2022\/#article","isPartOf":{"@id":"https:\/\/www.lelude.com\/fete-des-jardiniers-4-5juin-2022\/"},"author":{"name":"Ch\u00e2teau du Lude","@id":"https:\/\/www.lelude.com\/#\/schema\/person\/1688f495079857e80de963612e7193de"},"headline":"F\u00eate des Jardiniers &#8211; 4th &#038; 5th June 2022","datePublished":"2022-05-02T15:09:07+00:00","dateModified":"2022-05-02T15:10:20+00:00","mainEntityOfPage":{"@id":"https:\/\/www.lelude.com\/fete-des-jardiniers-4-5juin-2022\/"},"wordCount":210,"publisher":{"@id":"https:\/\/www.lelude.com\/#organization"},"articleSection":["Upcoming Events"],"inLanguage":"en-US"},{"@type":"WebPage","@id":"https:\/\/www.lelude.com\/fete-des-jardiniers-4-5juin-2022\/","url":"https:\/\/www.lelude.com\/fete-des-jardiniers-4-5juin-2022\/","name":"F\u00eate des Jardiniers - 4th & 5th June 2022 - Ch\u00e2teau du Lude","isPartOf":{"@id":"https:\/\/www.lelude.com\/#website"},"datePublished":"2022-05-02T15:09:07+00:00","dateModified":"2022-05-02T15:10:20+00:00","breadcrumb":{"@id":"https:\/\/www.lelude.com\/fete-des-jardiniers-4-5juin-2022\/#breadcrumb"},"inLanguage":"en-US","potentialAction":[{"@type":"ReadAction","target":["https:\/\/www.lelude.com\/fete-des-jardiniers-4-5juin-2022\/"]}]},{"@type":"BreadcrumbList","@id":"https:\/\/www.lelude.com\/fete-des-jardiniers-4-5juin-2022\/#breadcrumb","itemListElement":[{"@type":"ListItem","position":1,"name":"Accueil","item":"https:\/\/www.lelude.com\/en\/"},{"@type":"ListItem","position":2,"name":"F\u00eate des Jardiniers &#8211; 4th &#038; 5th June 2022"}]},{"@type":"WebSite","@id":"https:\/\/www.lelude.com\/#website","url":"https:\/\/www.lelude.com\/","name":"Ch\u00e2teau du Lude","description":"Le premier des ch\u00e2teaux de la Loire au nord de la vall\u00e9e","publisher":{"@id":"https:\/\/www.lelude.com\/#organization"},"potentialAction":[{"@type":"SearchAction","target":{"@type":"EntryPoint","urlTemplate":"https:\/\/www.lelude.com\/?s={search_term_string}"},"query-input":"required name=search_term_string"}],"inLanguage":"en-US"},{"@type":"Organization","@id":"https:\/\/www.lelude.com\/#organization","name":"Ch\u00e2teau du Lude","url":"https:\/\/www.lelude.com\/","logo":{"@type":"ImageObject","inLanguage":"en-US","@id":"https:\/\/www.lelude.com\/#\/schema\/logo\/image\/","url":"https:\/\/www.lelude.com\/wp-content\/uploads\/2017\/03\/logolelude.png","contentUrl":"https:\/\/www.lelude.com\/wp-content\/uploads\/2017\/03\/logolelude.png","width":167,"height":100,"caption":"Ch\u00e2teau du Lude"},"image":{"@id":"https:\/\/www.lelude.com\/#\/schema\/logo\/image\/"}},{"@type":"Person","@id":"https:\/\/www.lelude.com\/#\/schema\/person\/1688f495079857e80de963612e7193de","name":"Ch\u00e2teau du Lude","url":"https:\/\/www.lelude.com\/en\/author\/webmaster\/"}]}},"_links":{"self":[{"href":"https:\/\/www.lelude.com\/en\/wp-json\/wp\/v2\/posts\/7326"}],"collection":[{"href":"https:\/\/www.lelude.com\/en\/wp-json\/wp\/v2\/posts"}],"about":[{"href":"https:\/\/www.lelude.com\/en\/wp-json\/wp\/v2\/types\/post"}],"author":[{"embeddable":true,"href":"https:\/\/www.lelude.com\/en\/wp-json\/wp\/v2\/users\/7"}],"replies":[{"embeddable":true,"href":"https:\/\/www.lelude.com\/en\/wp-json\/wp\/v2\/comments?post=7326"}],"version-history":[{"count":3,"href":"https:\/\/www.lelude.com\/en\/wp-json\/wp\/v2\/posts\/7326\/revisions"}],"predecessor-version":[{"id":7329,"href":"https:\/\/www.lelude.com\/en\/wp-json\/wp\/v2\/posts\/7326\/revisions\/7329"}],"wp:featuredmedia":[{"embeddable":true,"href":"https:\/\/www.lelude.com\/en\/wp-json\/wp\/v2\/media\/7313"}],"wp:attachment":[{"href":"https:\/\/www.lelude.com\/en\/wp-json\/wp\/v2\/media?parent=7326"}],"wp:term":[{"taxonomy":"category","embeddable":true,"href":"https:\/\/www.lelude.com\/en\/wp-json\/wp\/v2\/categories?post=7326"},{"taxonomy":"post_tag","embeddable":true,"href":"https:\/\/www.lelude.com\/en\/wp-json\/wp\/v2\/tags?post=7326"}],"curies":[{"name":"wp","href":"https:\/\/api.w.org\/{rel}","templated":true}]}}