{"id":7622,"date":"2022-07-18T08:00:16","date_gmt":"2022-07-18T06:00:16","guid":{"rendered":"https:\/\/www.lelude.com\/?p=7622"},"modified":"2022-07-15T17:08:44","modified_gmt":"2022-07-15T15:08:44","slug":"gourmet-days-14th-15th-august-2022","status":"publish","type":"post","link":"https:\/\/www.lelude.com\/en\/gourmet-days-14th-15th-august-2022\/","title":{"rendered":"Gourmet Days &#8211; 14th &#038; 15th August 2022"},"content":{"rendered":"<h3><strong>Discover the old-fashioned jams of the Ch\u00e2teau du Lude!<\/strong><\/h3>\n<p><strong><br \/>\n<\/strong>On 15th August, this is the occasion to reactivate the old wood stove of the 19th Century in the medieval kitchen.<br \/>\n<strong>Sunday 14th\u00a0 and Monday 15th<\/strong>, delicious jams are made with the fruits from the kitchen garden. Strawberries, raspberries, rhubarb and apricots slowly stew in the copper pans, under the expert eye of the cooks.<br \/>\nOnce cooked, the jams are put in jars. Taste them on tasty creps and take home some jars of your favorite recipes.<\/p>\n<p><strong>Have a family walk in the gardens<\/strong><\/p>\n<p>In the park, the various gardens offer to the visitors different atmosperes, from the medieval moat to the botanical garden passing by the french garden and the rose garden. The <strong>kitchen garden<\/strong> is excepitonaly open on those days. Here are grawn the vegetables and fruits for the table of the house. Arround them, the flowers attract pollinisating insects.<\/p>\n<h4><strong>Discover the yesteryear life in the North Tower<br \/>\n<\/strong><\/h4>\n<p>The 3 floors of the North Tower, entirely retaured, plunge the visitor back in the castle&#8217;s life at the end of the 19th Century. There are the hunting room, the guests&#8217; appartment, the linen room and since this year, the<strong> chapel<\/strong>\u00a0 and the <strong>staff<\/strong> appartment.<br \/>\nDurinf the visit, the children can become a princess or a knight , with the suits at tehir disposal.<\/p>\n<p>In the common building, take a picture in the coach of the Duke of Daillon,<\/p>\n<p>&nbsp;<\/p>\n<h3>INFORMATIONS:<\/h3>\n<h4>Hours :<\/h4>\n<ul>\n<li>Gardens: 10am &#8211; 6pm<\/li>\n<li>House (self-guided tour with notice informations in each room): 10am &#8211; 12.30 \/ 2pm &#8211; 6.30pm (last access 30 minutes before the closure)<\/li>\n<\/ul>\n<h4>Prices :<\/h4>\n<ul>\n<li>adult 11\u20ac<\/li>\n<li>child (7-15 years) 6\u20ac<\/li>\n<\/ul>\n<h3><\/h3>\n","protected":false},"excerpt":{"rendered":"<p>Discover the old-fashioned jams of the Ch\u00e2teau du Lude! On 15th August, this is the occasion to reactivate the old wood stove of the 19th Century in the medieval kitchen. Sunday 14th\u00a0 and Monday 15th, delicious jams are made with the fruits from the kitchen garden. Strawberries, raspberries, rhubarb and apricots slowly stew in the [&hellip;]<\/p>\n","protected":false},"author":7,"featured_media":7621,"comment_status":"closed","ping_status":"closed","sticky":false,"template":"","format":"standard","meta":{"footnotes":""},"categories":[14],"tags":[],"yoast_head":"<!-- This site is optimized with the Yoast SEO plugin v20.13 - https:\/\/yoast.com\/wordpress\/plugins\/seo\/ -->\n<title>Gourmet Days - 14th &amp; 15th August 2022 - Ch\u00e2teau du Lude<\/title>\n<meta name=\"robots\" content=\"index, follow, max-snippet:-1, max-image-preview:large, max-video-preview:-1\" \/>\n<link rel=\"canonical\" href=\"https:\/\/www.lelude.com\/fete-de-la-confiture-14-15-aout-2022\/\" \/>\n<meta property=\"og:locale\" content=\"en_US\" \/>\n<meta property=\"og:type\" content=\"article\" \/>\n<meta property=\"og:title\" content=\"Gourmet Days - 14th &amp; 15th August 2022 - Ch\u00e2teau du Lude\" \/>\n<meta property=\"og:description\" content=\"Discover the old-fashioned jams of the Ch\u00e2teau du Lude! On 15th August, this is the occasion to reactivate the old wood stove of the 19th Century in the medieval kitchen. Sunday 14th\u00a0 and Monday 15th, delicious jams are made with the fruits from the kitchen garden. Strawberries, raspberries, rhubarb and apricots slowly stew in the [&hellip;]\" \/>\n<meta property=\"og:url\" content=\"https:\/\/www.lelude.com\/fete-de-la-confiture-14-15-aout-2022\/\" \/>\n<meta property=\"og:site_name\" content=\"Ch\u00e2teau du Lude\" \/>\n<meta property=\"article:published_time\" content=\"2022-07-18T06:00:16+00:00\" \/>\n<meta property=\"article:modified_time\" content=\"2022-07-15T15:08:44+00:00\" \/>\n<meta property=\"og:image\" content=\"https:\/\/www.lelude.com\/wp-content\/uploads\/2022\/07\/fete-de-la-confiture-3-1024x768.jpg\" \/>\n\t<meta property=\"og:image:width\" content=\"1024\" \/>\n\t<meta property=\"og:image:height\" content=\"768\" \/>\n\t<meta property=\"og:image:type\" content=\"image\/jpeg\" \/>\n<meta name=\"author\" content=\"Ch\u00e2teau du Lude\" \/>\n<meta name=\"twitter:card\" content=\"summary_large_image\" \/>\n<meta name=\"twitter:label1\" content=\"Written by\" \/>\n\t<meta name=\"twitter:data1\" content=\"Ch\u00e2teau du Lude\" \/>\n\t<meta name=\"twitter:label2\" content=\"Est. reading time\" \/>\n\t<meta name=\"twitter:data2\" content=\"1 minute\" \/>\n<script type=\"application\/ld+json\" class=\"yoast-schema-graph\">{\"@context\":\"https:\/\/schema.org\",\"@graph\":[{\"@type\":\"Article\",\"@id\":\"https:\/\/www.lelude.com\/fete-de-la-confiture-14-15-aout-2022\/#article\",\"isPartOf\":{\"@id\":\"https:\/\/www.lelude.com\/fete-de-la-confiture-14-15-aout-2022\/\"},\"author\":{\"name\":\"Ch\u00e2teau du Lude\",\"@id\":\"https:\/\/www.lelude.com\/#\/schema\/person\/1688f495079857e80de963612e7193de\"},\"headline\":\"Gourmet Days &#8211; 14th &#038; 15th August 2022\",\"datePublished\":\"2022-07-18T06:00:16+00:00\",\"dateModified\":\"2022-07-15T15:08:44+00:00\",\"mainEntityOfPage\":{\"@id\":\"https:\/\/www.lelude.com\/fete-de-la-confiture-14-15-aout-2022\/\"},\"wordCount\":275,\"publisher\":{\"@id\":\"https:\/\/www.lelude.com\/#organization\"},\"articleSection\":[\"Upcoming Events\"],\"inLanguage\":\"en-US\"},{\"@type\":\"WebPage\",\"@id\":\"https:\/\/www.lelude.com\/fete-de-la-confiture-14-15-aout-2022\/\",\"url\":\"https:\/\/www.lelude.com\/fete-de-la-confiture-14-15-aout-2022\/\",\"name\":\"Gourmet Days - 14th & 15th August 2022 - Ch\u00e2teau du Lude\",\"isPartOf\":{\"@id\":\"https:\/\/www.lelude.com\/#website\"},\"datePublished\":\"2022-07-18T06:00:16+00:00\",\"dateModified\":\"2022-07-15T15:08:44+00:00\",\"breadcrumb\":{\"@id\":\"https:\/\/www.lelude.com\/fete-de-la-confiture-14-15-aout-2022\/#breadcrumb\"},\"inLanguage\":\"en-US\",\"potentialAction\":[{\"@type\":\"ReadAction\",\"target\":[\"https:\/\/www.lelude.com\/fete-de-la-confiture-14-15-aout-2022\/\"]}]},{\"@type\":\"BreadcrumbList\",\"@id\":\"https:\/\/www.lelude.com\/fete-de-la-confiture-14-15-aout-2022\/#breadcrumb\",\"itemListElement\":[{\"@type\":\"ListItem\",\"position\":1,\"name\":\"Accueil\",\"item\":\"https:\/\/www.lelude.com\/en\/\"},{\"@type\":\"ListItem\",\"position\":2,\"name\":\"Gourmet Days &#8211; 14th &#038; 15th August 2022\"}]},{\"@type\":\"WebSite\",\"@id\":\"https:\/\/www.lelude.com\/#website\",\"url\":\"https:\/\/www.lelude.com\/\",\"name\":\"Ch\u00e2teau du Lude\",\"description\":\"Le premier des ch\u00e2teaux de la Loire au nord de la vall\u00e9e\",\"publisher\":{\"@id\":\"https:\/\/www.lelude.com\/#organization\"},\"potentialAction\":[{\"@type\":\"SearchAction\",\"target\":{\"@type\":\"EntryPoint\",\"urlTemplate\":\"https:\/\/www.lelude.com\/?s={search_term_string}\"},\"query-input\":\"required name=search_term_string\"}],\"inLanguage\":\"en-US\"},{\"@type\":\"Organization\",\"@id\":\"https:\/\/www.lelude.com\/#organization\",\"name\":\"Ch\u00e2teau du Lude\",\"url\":\"https:\/\/www.lelude.com\/\",\"logo\":{\"@type\":\"ImageObject\",\"inLanguage\":\"en-US\",\"@id\":\"https:\/\/www.lelude.com\/#\/schema\/logo\/image\/\",\"url\":\"https:\/\/www.lelude.com\/wp-content\/uploads\/2017\/03\/logolelude.png\",\"contentUrl\":\"https:\/\/www.lelude.com\/wp-content\/uploads\/2017\/03\/logolelude.png\",\"width\":167,\"height\":100,\"caption\":\"Ch\u00e2teau du Lude\"},\"image\":{\"@id\":\"https:\/\/www.lelude.com\/#\/schema\/logo\/image\/\"}},{\"@type\":\"Person\",\"@id\":\"https:\/\/www.lelude.com\/#\/schema\/person\/1688f495079857e80de963612e7193de\",\"name\":\"Ch\u00e2teau du Lude\",\"url\":\"https:\/\/www.lelude.com\/en\/author\/webmaster\/\"}]}<\/script>\n<!-- \/ Yoast SEO plugin. -->","yoast_head_json":{"title":"Gourmet Days - 14th & 15th August 2022 - Ch\u00e2teau du Lude","robots":{"index":"index","follow":"follow","max-snippet":"max-snippet:-1","max-image-preview":"max-image-preview:large","max-video-preview":"max-video-preview:-1"},"canonical":"https:\/\/www.lelude.com\/fete-de-la-confiture-14-15-aout-2022\/","og_locale":"en_US","og_type":"article","og_title":"Gourmet Days - 14th & 15th August 2022 - Ch\u00e2teau du Lude","og_description":"Discover the old-fashioned jams of the Ch\u00e2teau du Lude! On 15th August, this is the occasion to reactivate the old wood stove of the 19th Century in the medieval kitchen. Sunday 14th\u00a0 and Monday 15th, delicious jams are made with the fruits from the kitchen garden. Strawberries, raspberries, rhubarb and apricots slowly stew in the [&hellip;]","og_url":"https:\/\/www.lelude.com\/fete-de-la-confiture-14-15-aout-2022\/","og_site_name":"Ch\u00e2teau du Lude","article_published_time":"2022-07-18T06:00:16+00:00","article_modified_time":"2022-07-15T15:08:44+00:00","og_image":[{"width":1024,"height":768,"url":"https:\/\/www.lelude.com\/wp-content\/uploads\/2022\/07\/fete-de-la-confiture-3-1024x768.jpg","type":"image\/jpeg"}],"author":"Ch\u00e2teau du Lude","twitter_card":"summary_large_image","twitter_misc":{"Written by":"Ch\u00e2teau du Lude","Est. reading time":"1 minute"},"schema":{"@context":"https:\/\/schema.org","@graph":[{"@type":"Article","@id":"https:\/\/www.lelude.com\/fete-de-la-confiture-14-15-aout-2022\/#article","isPartOf":{"@id":"https:\/\/www.lelude.com\/fete-de-la-confiture-14-15-aout-2022\/"},"author":{"name":"Ch\u00e2teau du Lude","@id":"https:\/\/www.lelude.com\/#\/schema\/person\/1688f495079857e80de963612e7193de"},"headline":"Gourmet Days &#8211; 14th &#038; 15th August 2022","datePublished":"2022-07-18T06:00:16+00:00","dateModified":"2022-07-15T15:08:44+00:00","mainEntityOfPage":{"@id":"https:\/\/www.lelude.com\/fete-de-la-confiture-14-15-aout-2022\/"},"wordCount":275,"publisher":{"@id":"https:\/\/www.lelude.com\/#organization"},"articleSection":["Upcoming Events"],"inLanguage":"en-US"},{"@type":"WebPage","@id":"https:\/\/www.lelude.com\/fete-de-la-confiture-14-15-aout-2022\/","url":"https:\/\/www.lelude.com\/fete-de-la-confiture-14-15-aout-2022\/","name":"Gourmet Days - 14th & 15th August 2022 - Ch\u00e2teau du Lude","isPartOf":{"@id":"https:\/\/www.lelude.com\/#website"},"datePublished":"2022-07-18T06:00:16+00:00","dateModified":"2022-07-15T15:08:44+00:00","breadcrumb":{"@id":"https:\/\/www.lelude.com\/fete-de-la-confiture-14-15-aout-2022\/#breadcrumb"},"inLanguage":"en-US","potentialAction":[{"@type":"ReadAction","target":["https:\/\/www.lelude.com\/fete-de-la-confiture-14-15-aout-2022\/"]}]},{"@type":"BreadcrumbList","@id":"https:\/\/www.lelude.com\/fete-de-la-confiture-14-15-aout-2022\/#breadcrumb","itemListElement":[{"@type":"ListItem","position":1,"name":"Accueil","item":"https:\/\/www.lelude.com\/en\/"},{"@type":"ListItem","position":2,"name":"Gourmet Days &#8211; 14th &#038; 15th August 2022"}]},{"@type":"WebSite","@id":"https:\/\/www.lelude.com\/#website","url":"https:\/\/www.lelude.com\/","name":"Ch\u00e2teau du Lude","description":"Le premier des ch\u00e2teaux de la Loire au nord de la vall\u00e9e","publisher":{"@id":"https:\/\/www.lelude.com\/#organization"},"potentialAction":[{"@type":"SearchAction","target":{"@type":"EntryPoint","urlTemplate":"https:\/\/www.lelude.com\/?s={search_term_string}"},"query-input":"required name=search_term_string"}],"inLanguage":"en-US"},{"@type":"Organization","@id":"https:\/\/www.lelude.com\/#organization","name":"Ch\u00e2teau du Lude","url":"https:\/\/www.lelude.com\/","logo":{"@type":"ImageObject","inLanguage":"en-US","@id":"https:\/\/www.lelude.com\/#\/schema\/logo\/image\/","url":"https:\/\/www.lelude.com\/wp-content\/uploads\/2017\/03\/logolelude.png","contentUrl":"https:\/\/www.lelude.com\/wp-content\/uploads\/2017\/03\/logolelude.png","width":167,"height":100,"caption":"Ch\u00e2teau du Lude"},"image":{"@id":"https:\/\/www.lelude.com\/#\/schema\/logo\/image\/"}},{"@type":"Person","@id":"https:\/\/www.lelude.com\/#\/schema\/person\/1688f495079857e80de963612e7193de","name":"Ch\u00e2teau du Lude","url":"https:\/\/www.lelude.com\/en\/author\/webmaster\/"}]}},"_links":{"self":[{"href":"https:\/\/www.lelude.com\/en\/wp-json\/wp\/v2\/posts\/7622"}],"collection":[{"href":"https:\/\/www.lelude.com\/en\/wp-json\/wp\/v2\/posts"}],"about":[{"href":"https:\/\/www.lelude.com\/en\/wp-json\/wp\/v2\/types\/post"}],"author":[{"embeddable":true,"href":"https:\/\/www.lelude.com\/en\/wp-json\/wp\/v2\/users\/7"}],"replies":[{"embeddable":true,"href":"https:\/\/www.lelude.com\/en\/wp-json\/wp\/v2\/comments?post=7622"}],"version-history":[{"count":5,"href":"https:\/\/www.lelude.com\/en\/wp-json\/wp\/v2\/posts\/7622\/revisions"}],"predecessor-version":[{"id":7628,"href":"https:\/\/www.lelude.com\/en\/wp-json\/wp\/v2\/posts\/7622\/revisions\/7628"}],"wp:featuredmedia":[{"embeddable":true,"href":"https:\/\/www.lelude.com\/en\/wp-json\/wp\/v2\/media\/7621"}],"wp:attachment":[{"href":"https:\/\/www.lelude.com\/en\/wp-json\/wp\/v2\/media?parent=7622"}],"wp:term":[{"taxonomy":"category","embeddable":true,"href":"https:\/\/www.lelude.com\/en\/wp-json\/wp\/v2\/categories?post=7622"},{"taxonomy":"post_tag","embeddable":true,"href":"https:\/\/www.lelude.com\/en\/wp-json\/wp\/v2\/tags?post=7622"}],"curies":[{"name":"wp","href":"https:\/\/api.w.org\/{rel}","templated":true}]}}