{"id":8565,"date":"2023-02-03T16:30:11","date_gmt":"2023-02-03T15:30:11","guid":{"rendered":"https:\/\/www.lelude.com\/?p=8565"},"modified":"2023-02-03T16:30:11","modified_gmt":"2023-02-03T15:30:11","slug":"winter-holidays-1st-february-to-5th-march-2023","status":"publish","type":"post","link":"https:\/\/www.lelude.com\/en\/winter-holidays-1st-february-to-5th-march-2023\/","title":{"rendered":"Winter Holidays &#8211; 1st February to 5th March 2023"},"content":{"rendered":"<p><strong>The days lengthen and the nature slowly awake. The holidays are the perfect time to have a family walk!<br \/>\n<\/strong><\/p>\n<p>&nbsp;<\/p>\n<p><strong>In thehouse,<\/strong> plunge in the daily lif of olden timeson five floors, from the reception rooms to the servant quarters;library, great drawing room, kitchen, and above all, the newly restaured roms such as the <strong>chapel and the linen room.<\/strong><\/p>\n<p><strong>The children dress up as knights and princesses<\/strong> with the suits at their disposal in the entrance hall.<\/p>\n<p><strong>In the garden<\/strong>, enjoy the frsh air and admire the first bloomings at the sping garden and the botanical walk.<br \/>\nThe children can play in <strong>the moat, the underground tunnelsans the mazes.<\/strong><\/p>\n<p>In the commun building, visit the grannary, the saddlery, the stables and the room of the coaches, where the whole family takes place in the carriage of the Duke of Daillon to take a picture.<\/p>\n<h4><strong>SUNDAY 19th FEBRUARY: Shrove Tuesday in advance<br \/>\n<\/strong><\/h4>\n<p>Lent is comming, it is the occasion to honor the tradition and make and blow the <strong>pancakes in the medieval kitchen<\/strong>! The are prepared on the wooden stove, and eaten with delicious home made jams.<\/p>\n<h4><strong>INFORMATIONS :<\/strong><\/h4>\n<p><em>HOURS :<\/em><\/p>\n<ul>\n<li><strong>Garden and shop: 2pm &#8211; 6pm<\/strong><\/li>\n<li><strong>house :<\/strong> <strong>2.30pm &#8211; 5.30pm\u00a0<\/strong>in self guided tour (last entrance at 5pm)<\/li>\n<\/ul>\n<p><em>PRICES :<\/em><\/p>\n<ul>\n<li>House &amp; Garden: adult 12\u20ac \/ child 6\u20ac<\/li>\n<li>garden only : adult 8\u20ac \/ child 5\u20ac<\/li>\n<\/ul>\n<p>&nbsp;<\/p>\n<p><em>OTHER INFORMATIONS :<\/em><\/p>\n<ul>\n<li><strong>\u00a0<\/strong>House and gardens reachable to disabled persons (exept upstairs rooms)<\/li>\n<li>Onleached dogs allowed in the gardens.<\/li>\n<li>Pushchairs not allowed in the house.<\/li>\n<\/ul>\n<p>&nbsp;<\/p>\n","protected":false},"excerpt":{"rendered":"<p>The days lengthen and the nature slowly awake. The holidays are the perfect time to have a family walk! &nbsp; In thehouse, plunge in the daily lif of olden timeson five floors, from the reception rooms to the servant quarters;library, great drawing room, kitchen, and above all, the newly restaured roms such as the chapel [&hellip;]<\/p>\n","protected":false},"author":7,"featured_media":8520,"comment_status":"closed","ping_status":"closed","sticky":false,"template":"","format":"standard","meta":{"footnotes":""},"categories":[14],"tags":[],"yoast_head":"<!-- This site is optimized with the Yoast SEO plugin v20.13 - https:\/\/yoast.com\/wordpress\/plugins\/seo\/ -->\n<title>Winter Holidays - 1st February to 5th March 2023 - Ch\u00e2teau du Lude<\/title>\n<meta name=\"robots\" content=\"index, follow, max-snippet:-1, max-image-preview:large, max-video-preview:-1\" \/>\n<link rel=\"canonical\" href=\"https:\/\/www.lelude.com\/vacances-de-fevrier-du-1-fevrier-au-5-mars-2023\/\" \/>\n<meta property=\"og:locale\" content=\"en_US\" \/>\n<meta property=\"og:type\" content=\"article\" \/>\n<meta property=\"og:title\" content=\"Winter Holidays - 1st February to 5th March 2023 - Ch\u00e2teau du Lude\" \/>\n<meta property=\"og:description\" content=\"The days lengthen and the nature slowly awake. The holidays are the perfect time to have a family walk! &nbsp; In thehouse, plunge in the daily lif of olden timeson five floors, from the reception rooms to the servant quarters;library, great drawing room, kitchen, and above all, the newly restaured roms such as the chapel [&hellip;]\" \/>\n<meta property=\"og:url\" content=\"https:\/\/www.lelude.com\/vacances-de-fevrier-du-1-fevrier-au-5-mars-2023\/\" \/>\n<meta property=\"og:site_name\" content=\"Ch\u00e2teau du Lude\" \/>\n<meta property=\"article:published_time\" content=\"2023-02-03T15:30:11+00:00\" \/>\n<meta property=\"og:image\" content=\"https:\/\/www.lelude.com\/wp-content\/uploads\/2023\/01\/chateau-du-lude-jardin-de-la-source-hellebores-1024x768.jpg\" \/>\n\t<meta property=\"og:image:width\" content=\"1024\" \/>\n\t<meta property=\"og:image:height\" content=\"768\" \/>\n\t<meta property=\"og:image:type\" content=\"image\/jpeg\" \/>\n<meta name=\"author\" content=\"Ch\u00e2teau du Lude\" \/>\n<meta name=\"twitter:card\" content=\"summary_large_image\" \/>\n<meta name=\"twitter:label1\" content=\"Written by\" \/>\n\t<meta name=\"twitter:data1\" content=\"Ch\u00e2teau du Lude\" \/>\n\t<meta name=\"twitter:label2\" content=\"Est. reading time\" \/>\n\t<meta name=\"twitter:data2\" content=\"1 minute\" \/>\n<script type=\"application\/ld+json\" class=\"yoast-schema-graph\">{\"@context\":\"https:\/\/schema.org\",\"@graph\":[{\"@type\":\"Article\",\"@id\":\"https:\/\/www.lelude.com\/vacances-de-fevrier-du-1-fevrier-au-5-mars-2023\/#article\",\"isPartOf\":{\"@id\":\"https:\/\/www.lelude.com\/vacances-de-fevrier-du-1-fevrier-au-5-mars-2023\/\"},\"author\":{\"name\":\"Ch\u00e2teau du Lude\",\"@id\":\"https:\/\/www.lelude.com\/#\/schema\/person\/1688f495079857e80de963612e7193de\"},\"headline\":\"Winter Holidays &#8211; 1st February to 5th March 2023\",\"datePublished\":\"2023-02-03T15:30:11+00:00\",\"dateModified\":\"2023-02-03T15:30:11+00:00\",\"mainEntityOfPage\":{\"@id\":\"https:\/\/www.lelude.com\/vacances-de-fevrier-du-1-fevrier-au-5-mars-2023\/\"},\"wordCount\":251,\"publisher\":{\"@id\":\"https:\/\/www.lelude.com\/#organization\"},\"articleSection\":[\"Upcoming Events\"],\"inLanguage\":\"en-US\"},{\"@type\":\"WebPage\",\"@id\":\"https:\/\/www.lelude.com\/vacances-de-fevrier-du-1-fevrier-au-5-mars-2023\/\",\"url\":\"https:\/\/www.lelude.com\/vacances-de-fevrier-du-1-fevrier-au-5-mars-2023\/\",\"name\":\"Winter Holidays - 1st February to 5th March 2023 - Ch\u00e2teau du Lude\",\"isPartOf\":{\"@id\":\"https:\/\/www.lelude.com\/#website\"},\"datePublished\":\"2023-02-03T15:30:11+00:00\",\"dateModified\":\"2023-02-03T15:30:11+00:00\",\"breadcrumb\":{\"@id\":\"https:\/\/www.lelude.com\/vacances-de-fevrier-du-1-fevrier-au-5-mars-2023\/#breadcrumb\"},\"inLanguage\":\"en-US\",\"potentialAction\":[{\"@type\":\"ReadAction\",\"target\":[\"https:\/\/www.lelude.com\/vacances-de-fevrier-du-1-fevrier-au-5-mars-2023\/\"]}]},{\"@type\":\"BreadcrumbList\",\"@id\":\"https:\/\/www.lelude.com\/vacances-de-fevrier-du-1-fevrier-au-5-mars-2023\/#breadcrumb\",\"itemListElement\":[{\"@type\":\"ListItem\",\"position\":1,\"name\":\"Accueil\",\"item\":\"https:\/\/www.lelude.com\/en\/\"},{\"@type\":\"ListItem\",\"position\":2,\"name\":\"Winter Holidays &#8211; 1st February to 5th March 2023\"}]},{\"@type\":\"WebSite\",\"@id\":\"https:\/\/www.lelude.com\/#website\",\"url\":\"https:\/\/www.lelude.com\/\",\"name\":\"Ch\u00e2teau du Lude\",\"description\":\"Le premier des ch\u00e2teaux de la Loire au nord de la vall\u00e9e\",\"publisher\":{\"@id\":\"https:\/\/www.lelude.com\/#organization\"},\"potentialAction\":[{\"@type\":\"SearchAction\",\"target\":{\"@type\":\"EntryPoint\",\"urlTemplate\":\"https:\/\/www.lelude.com\/?s={search_term_string}\"},\"query-input\":\"required name=search_term_string\"}],\"inLanguage\":\"en-US\"},{\"@type\":\"Organization\",\"@id\":\"https:\/\/www.lelude.com\/#organization\",\"name\":\"Ch\u00e2teau du Lude\",\"url\":\"https:\/\/www.lelude.com\/\",\"logo\":{\"@type\":\"ImageObject\",\"inLanguage\":\"en-US\",\"@id\":\"https:\/\/www.lelude.com\/#\/schema\/logo\/image\/\",\"url\":\"https:\/\/www.lelude.com\/wp-content\/uploads\/2017\/03\/logolelude.png\",\"contentUrl\":\"https:\/\/www.lelude.com\/wp-content\/uploads\/2017\/03\/logolelude.png\",\"width\":167,\"height\":100,\"caption\":\"Ch\u00e2teau du Lude\"},\"image\":{\"@id\":\"https:\/\/www.lelude.com\/#\/schema\/logo\/image\/\"}},{\"@type\":\"Person\",\"@id\":\"https:\/\/www.lelude.com\/#\/schema\/person\/1688f495079857e80de963612e7193de\",\"name\":\"Ch\u00e2teau du Lude\",\"url\":\"https:\/\/www.lelude.com\/en\/author\/webmaster\/\"}]}<\/script>\n<!-- \/ Yoast SEO plugin. -->","yoast_head_json":{"title":"Winter Holidays - 1st February to 5th March 2023 - Ch\u00e2teau du Lude","robots":{"index":"index","follow":"follow","max-snippet":"max-snippet:-1","max-image-preview":"max-image-preview:large","max-video-preview":"max-video-preview:-1"},"canonical":"https:\/\/www.lelude.com\/vacances-de-fevrier-du-1-fevrier-au-5-mars-2023\/","og_locale":"en_US","og_type":"article","og_title":"Winter Holidays - 1st February to 5th March 2023 - Ch\u00e2teau du Lude","og_description":"The days lengthen and the nature slowly awake. The holidays are the perfect time to have a family walk! &nbsp; In thehouse, plunge in the daily lif of olden timeson five floors, from the reception rooms to the servant quarters;library, great drawing room, kitchen, and above all, the newly restaured roms such as the chapel [&hellip;]","og_url":"https:\/\/www.lelude.com\/vacances-de-fevrier-du-1-fevrier-au-5-mars-2023\/","og_site_name":"Ch\u00e2teau du Lude","article_published_time":"2023-02-03T15:30:11+00:00","og_image":[{"width":1024,"height":768,"url":"https:\/\/www.lelude.com\/wp-content\/uploads\/2023\/01\/chateau-du-lude-jardin-de-la-source-hellebores-1024x768.jpg","type":"image\/jpeg"}],"author":"Ch\u00e2teau du Lude","twitter_card":"summary_large_image","twitter_misc":{"Written by":"Ch\u00e2teau du Lude","Est. reading time":"1 minute"},"schema":{"@context":"https:\/\/schema.org","@graph":[{"@type":"Article","@id":"https:\/\/www.lelude.com\/vacances-de-fevrier-du-1-fevrier-au-5-mars-2023\/#article","isPartOf":{"@id":"https:\/\/www.lelude.com\/vacances-de-fevrier-du-1-fevrier-au-5-mars-2023\/"},"author":{"name":"Ch\u00e2teau du Lude","@id":"https:\/\/www.lelude.com\/#\/schema\/person\/1688f495079857e80de963612e7193de"},"headline":"Winter Holidays &#8211; 1st February to 5th March 2023","datePublished":"2023-02-03T15:30:11+00:00","dateModified":"2023-02-03T15:30:11+00:00","mainEntityOfPage":{"@id":"https:\/\/www.lelude.com\/vacances-de-fevrier-du-1-fevrier-au-5-mars-2023\/"},"wordCount":251,"publisher":{"@id":"https:\/\/www.lelude.com\/#organization"},"articleSection":["Upcoming Events"],"inLanguage":"en-US"},{"@type":"WebPage","@id":"https:\/\/www.lelude.com\/vacances-de-fevrier-du-1-fevrier-au-5-mars-2023\/","url":"https:\/\/www.lelude.com\/vacances-de-fevrier-du-1-fevrier-au-5-mars-2023\/","name":"Winter Holidays - 1st February to 5th March 2023 - Ch\u00e2teau du Lude","isPartOf":{"@id":"https:\/\/www.lelude.com\/#website"},"datePublished":"2023-02-03T15:30:11+00:00","dateModified":"2023-02-03T15:30:11+00:00","breadcrumb":{"@id":"https:\/\/www.lelude.com\/vacances-de-fevrier-du-1-fevrier-au-5-mars-2023\/#breadcrumb"},"inLanguage":"en-US","potentialAction":[{"@type":"ReadAction","target":["https:\/\/www.lelude.com\/vacances-de-fevrier-du-1-fevrier-au-5-mars-2023\/"]}]},{"@type":"BreadcrumbList","@id":"https:\/\/www.lelude.com\/vacances-de-fevrier-du-1-fevrier-au-5-mars-2023\/#breadcrumb","itemListElement":[{"@type":"ListItem","position":1,"name":"Accueil","item":"https:\/\/www.lelude.com\/en\/"},{"@type":"ListItem","position":2,"name":"Winter Holidays &#8211; 1st February to 5th March 2023"}]},{"@type":"WebSite","@id":"https:\/\/www.lelude.com\/#website","url":"https:\/\/www.lelude.com\/","name":"Ch\u00e2teau du Lude","description":"Le premier des ch\u00e2teaux de la Loire au nord de la vall\u00e9e","publisher":{"@id":"https:\/\/www.lelude.com\/#organization"},"potentialAction":[{"@type":"SearchAction","target":{"@type":"EntryPoint","urlTemplate":"https:\/\/www.lelude.com\/?s={search_term_string}"},"query-input":"required name=search_term_string"}],"inLanguage":"en-US"},{"@type":"Organization","@id":"https:\/\/www.lelude.com\/#organization","name":"Ch\u00e2teau du Lude","url":"https:\/\/www.lelude.com\/","logo":{"@type":"ImageObject","inLanguage":"en-US","@id":"https:\/\/www.lelude.com\/#\/schema\/logo\/image\/","url":"https:\/\/www.lelude.com\/wp-content\/uploads\/2017\/03\/logolelude.png","contentUrl":"https:\/\/www.lelude.com\/wp-content\/uploads\/2017\/03\/logolelude.png","width":167,"height":100,"caption":"Ch\u00e2teau du Lude"},"image":{"@id":"https:\/\/www.lelude.com\/#\/schema\/logo\/image\/"}},{"@type":"Person","@id":"https:\/\/www.lelude.com\/#\/schema\/person\/1688f495079857e80de963612e7193de","name":"Ch\u00e2teau du Lude","url":"https:\/\/www.lelude.com\/en\/author\/webmaster\/"}]}},"_links":{"self":[{"href":"https:\/\/www.lelude.com\/en\/wp-json\/wp\/v2\/posts\/8565"}],"collection":[{"href":"https:\/\/www.lelude.com\/en\/wp-json\/wp\/v2\/posts"}],"about":[{"href":"https:\/\/www.lelude.com\/en\/wp-json\/wp\/v2\/types\/post"}],"author":[{"embeddable":true,"href":"https:\/\/www.lelude.com\/en\/wp-json\/wp\/v2\/users\/7"}],"replies":[{"embeddable":true,"href":"https:\/\/www.lelude.com\/en\/wp-json\/wp\/v2\/comments?post=8565"}],"version-history":[{"count":2,"href":"https:\/\/www.lelude.com\/en\/wp-json\/wp\/v2\/posts\/8565\/revisions"}],"predecessor-version":[{"id":8567,"href":"https:\/\/www.lelude.com\/en\/wp-json\/wp\/v2\/posts\/8565\/revisions\/8567"}],"wp:featuredmedia":[{"embeddable":true,"href":"https:\/\/www.lelude.com\/en\/wp-json\/wp\/v2\/media\/8520"}],"wp:attachment":[{"href":"https:\/\/www.lelude.com\/en\/wp-json\/wp\/v2\/media?parent=8565"}],"wp:term":[{"taxonomy":"category","embeddable":true,"href":"https:\/\/www.lelude.com\/en\/wp-json\/wp\/v2\/categories?post=8565"},{"taxonomy":"post_tag","embeddable":true,"href":"https:\/\/www.lelude.com\/en\/wp-json\/wp\/v2\/tags?post=8565"}],"curies":[{"name":"wp","href":"https:\/\/api.w.org\/{rel}","templated":true}]}}